{"id":2887,"date":"2023-01-10T16:40:00","date_gmt":"2023-01-10T16:40:00","guid":{"rendered":"http:\/\/www.historische-postsachen.de\/_prinzenraub\/?p=2887"},"modified":"2026-01-10T16:57:54","modified_gmt":"2026-01-10T16:57:54","slug":"kunz-und-morta-2020","status":"publish","type":"post","link":"https:\/\/www.gesamtkunstwerk4.de\/prinzenraub\/kunz-und-morta-2020\/","title":{"rendered":"Kunz und Morta \u2014 O Fortuna 2024"},"content":{"rendered":"\n<p>\u2014 <span style=\"font-family: Arimo, sans-serif;\"><span style=\"font-size: large;\">Eine Prinzenraubgeschichte \u2014<\/span><\/span><\/p>\n\n\n\n<p><span style=\"font-family: Arimo, sans-serif;\"><span style=\"font-size: small;\">von Christian Weber<\/span><\/span><\/p>\n\n\n\n<p>Der Tod ist einsam und macht sich auf, einen Begleiter f\u00fcr sich zu suchen. Daf\u00fcr wandelt er sein Erscheinungsbild in das, wie ihn einst die alten R\u00f6mer gesehen haben, als Schicksalsg\u00f6ttin Morta. Mit sch\u00f6nem, jugendlichen Aussehen besucht der Tod, der fortan nur noch Morta genannt wird<br>Kunz von Kauffungen, einem Junker und freien K\u00e4mpfer, an dem sie Gefallen findet. Ihr Angebot, eintausend Jahre Ruhm und Ehre, wenn Kunz f\u00fcr diese Zeitspanne bei ihr bleibt, klingt verlockend.<br>Kunz ist ein Mann, der Lorbeer und Ehre allen voranstellt und den Krieg sucht, um zu bestehen. Doch ist er kein Gnadenloser, sondern ein K\u00e4mpfer mit Herz und Prinzipien. Er denkt \u00fcber Mortas Angebot nach\u2026<br>Kunz ist zun\u00e4chst am Hofe Friedrichs als Vogt angestellt und die Prinzen m\u00f6gen ihn sehr. Als es zwischen dem Kurf\u00fcrsten und dessen Bruder zum Kriege kommt, zieht Kunz auf Friedrichs Seite in die Schlacht. Der Kampf um die Stadt Gera bildet den H\u00f6hepunkt der Kampfhandlungen. Doch Kunz ger\u00e4t in B\u00f6hmische Gefangenschaft und kann sich nur mit erheblichen Geldmitteln freikaufen. Friedrich l\u00e4sst ihn fallen. Als es schlie\u00dflich zum Friedensvertrag zwischen den Wettiner Br\u00fcdern kommt, ist es Kunz, der erneut verliert. Denn er muss sein, einst von Friedrich \u00fcberlassenes Gut Schweikershain, auf dem er und die Seinen mittlerweile leben, wieder abgeben. Als Kunz klagen und an die Rechtschaffenheit und Ehre Friedrichs appellieren will, wird bald klar, dass der Kurf\u00fcrst kein Interesse an Ehrbarkeit oder Kunz Situation hat. Mehr noch, Friedrich erniedrigt ihn vor den Augen des ganzen Hofes derart, dass dieser Rache schw\u00f6rt.<br>Morta erneuert ihr Angebot. F\u00fcr Kunz, nun zum richtigen Zeitpunkt. Er willigt ein, da er die Hilfe des Todes nur zu gern gegen Friedrich in Anspruch nehmen will.<br>Als Entf\u00fchrer wider Willen schleicht er mit seinen Komparsen sp\u00e4t abends zum Altenburger Schloss. Er will die Prinzen mitnehmen, welche zu Kunz Erstaunen, sogar begeistert dar\u00fcber sind. Denn auch sie leiden unter Friedrich, dem sie nur zu gern eins auswischen wollen. Dar\u00fcber hinaus ist Kunz ihr Freund und sie wollen ihm helfen.<\/p>\n\n\n\n<p><strong>O Fortuna \u2013 Eine Bearbeitung von Regisseur David Sch\u00f6nherr<\/strong><\/p>\n\n\n\n<p>Die aktuelle Spielfassung von \u201eKunz und Morta\u201c bietet einiges an Ver\u00e4nderungen im Vergleich zu den letzten beiden Jahren und tr\u00e4gt den Zusatztitel \u201eO Fortuna\u201c, was u.a. auf den gleichnamigen Song von Carmina Burana zur\u00fcckgeht. So gibt es, neben dem Tod (Morta), auch die drei anderen Apokalyptischen Reiter Hunger, Krieg und Pestilenz, welche sich zur\u00fcckgestellt f\u00fchlen und ebenfalls ein Eingreifen in die Geschichte von Gott fordern. Gott selbst wird dabei sogar h\u00f6chstpers\u00f6nlich zu sehen sein!<br>Alles in allem wird das St\u00fcck emotionaler, aber auch mystischer. Man darf also gespannt sein\u2026<\/p>\n\n\n\n<hr class=\"wp-block-separator has-alpha-channel-opacity\"\/>\n\n\n\n<p>Kunz &amp; Morta &#8211; eine Prinzenraubgeschichte von Christian Weber<br>5 Auff\u00fchrungen am 26., 27., 28. und 29. Juni 2024, Residenzschloss Altenburg\/Th\u00fcringen<\/p>\n\n\n\n<p><strong>Regie<\/strong>: David Sch\u00f6nherr<br><strong>Regieassistenz<\/strong>: Pia Kirsten<br><strong>Leitung Organisation<\/strong>: Andy Drabek<br><strong>Mitspielerbetreuung: <\/strong>Eva Pommer<strong><br>Souffleuse<\/strong>: Brigitte Baumg\u00e4rtel<\/p>\n\n\n\n<p><strong>Tanzchoreografie<\/strong>: <a href=\"https:\/\/www.tanzraum-altenburg.de\" target=\"_blank\" rel=\"noopener\">Tanzraum Altenburg, Anja Losse<\/a><\/p>\n\n\n\n<p><strong>Finanzen \/ Abendkasse<\/strong>: Kerstin Hartmann<br><strong>Licht- und Tontechnik<\/strong>: Holger Hainich (vdl), Maximilien, Hainich, Stefan Sch\u00e4dlich, Daniel Rauscher<br><strong>Toneinspielung<\/strong>: Andy Drabek<strong><br>Film- und Fotoaufnahmen<\/strong>: Paul Schirmer<br><strong>Kost\u00fcme<\/strong>: Heidi Widike, Silke Leu, Margit Hahn, Imke K\u00f6hler, J\u00f6rg Jablonowski<br><strong>B\u00fchnenbild<\/strong>: Waldemar Beutler<br><strong>Maske<\/strong>: Rosalie Laakmann<\/p>\n\n\n\n<p><strong>Helfer<\/strong>: B\u00e4rbel Burigk, Detlef Gentsch, Thomas Hepprich, Melanie Hiller, Thomas J\u00e4schke, Birgit Klaubert, Imke K\u00f6hler, Julia K\u00f6rner, Madlen Rauscher, Eiko Scharf, Christiane Schirmer, Thomas Spangler, Susanne St\u00fctzner, Thomas Weise<\/p>\n\n\n\n<p><strong>Grafik + Design<\/strong>: Gesamtkunstwerk 4, Andy Drabek<\/p>\n\n\n\n<p><strong>Catering<\/strong>: Event- &amp; Cateringservice Thomas Sch\u00e4fer Fl\u00f6ha, Eis-Marie Altenburg<\/p>\n\n\n\n<p>Vorprogramm:<br><strong>Puppenspielerin<\/strong>: Antje Glanz<br><strong>Gaukeley<\/strong>: Rothar &#8211; der Gaukler<br><strong>M\u00fcnzpr\u00e4gung<\/strong>: Claus Gleitsmann<br><strong>Hofnarr<\/strong>: Karl Heyman<\/p>\n\n\n\n<hr class=\"wp-block-separator has-alpha-channel-opacity\"\/>\n\n\n\n<h3 class=\"wp-block-heading\"><strong>Besetzung:<\/strong><\/h3>\n\n\n\n<p><strong>Kunz von Kauffungen<\/strong>: Michael Hiller<br><strong>Morta<\/strong>: Miriam Hiller<br><strong>Kurf\u00fcrst Friedrich<\/strong>: Christian Weber<br><strong>Kurf\u00fcrstin Margaretha<\/strong>: Angela M\u00fcller<br><strong>Herzog Wilhelm \/ Gott III<\/strong>: Christian Franke<br><strong>Landgr\u00e4fin \/ K\u00e4mpfer \/ Tod<\/strong>: Ulrike Henke<br><strong>Hunger \/ Soldat: <\/strong>Heike Kraus<br><strong>Engel<\/strong>: Katharina Thiele, Sarah Thiele<strong><br>Pest \/ Soldat \/ Edelfrau: <\/strong>Ayoka Boxberger<strong><br>Frederick<\/strong>: Viktor Ruiter<br><strong>Prinz Ernst<\/strong>: Tabea Rauscher<br><strong>Prinz Albrecht<\/strong>: Levi Herbst<br><strong>Prinzessin Anna \/ Volk<\/strong>: Lena Arnold<br><strong>Prinzessin Hedwig<\/strong>: Pia Schirmer<br><strong>Hedwigs Bande<\/strong>: Else Beier, Sarah Thiele, Viktor Ruiter<br><strong>Prinzessinnen<\/strong>: Paulin Gro\u00dfmann, Amielou Gro\u00dfmann, Lucie Rose Henke<br><strong>Kanzler Georg v. Haugwitz<\/strong>: Hanno Wolf<br><strong>Kinderfrau Mathilde<\/strong>: Sylvia Schwenke-Pfeifer<br><strong>K\u00fcchenmeisterin v. Honsberg<\/strong>: Regina Scherling<br><strong>K\u00fcchenjunge Barthel<\/strong>: Thomas Erdinger<br><strong>K\u00fcchengehilfen<\/strong>: Rolf Schiefner, Harry Schneider<br><strong>Hans Schwalbe \/ Volk<\/strong>: Frank M\u00fcller I<br><strong>1. Wache \/ K\u00e4mpfer<\/strong>: Mario Schicht<br><strong>2. Wache \/ K\u00e4mpfer<\/strong>: Frank M\u00fcller II<br><strong>Fahnentr\u00e4ger rot \/ Gott II<\/strong>: Kornelia Gentsch<br><strong>Fahnentr\u00e4ger blau \/ Soldat rot<\/strong>: Karl-Heinz Gerbach<br><strong>Hofdame<\/strong>: Petra Descher<br><strong>Kurf\u00fcrstliche Garde<\/strong>: Veronika Arnold, Eva-Maria Scharf<br><strong>Geheimrat v. Einsiedel<\/strong>: Petra Sparbrod<br><strong>Wilhelm v. Mosen<\/strong>: Katrin Franke<br><strong>Wilhelm v. Sch\u00f6nfels<\/strong>: Marion Hermsdorf<br><strong>Johann v. Cimburg \/ Henker \/ Gott I<\/strong>: Uwe Schr\u00f6der<br><strong>Apel Vitzthum \/ Gauklerin<\/strong>: Karin Beutler<br><strong>Busso Vitzthum \/ Richter \/ Krieg<\/strong>: Dana Weber<br><strong>Gauklerkinder<\/strong>: Samira Arnold, Lilly Karte<br><strong>Herold: <\/strong>Andy Drabek<strong><br>Wilhelms Diener \/ Trebin \/ Bote<\/strong>: Silvia H\u00f6selbarth<br><strong>K\u00f6hler \/ Soldaten \/ B\u00fcrger \/ Medicus<\/strong>: Niclas Baraneck, Andreas Hermsdorf, Heike Kraus, Wolf-Dieter Kullrich, Daniel Teichmann<br><strong>K\u00e4mpfer \/ Musikant<\/strong>: Sandra Gro\u00dfmann<\/p>\n\n\n\n<p>\u00c4nderungen vorbehalten<\/p>\n\n\n\n<figure class=\"wp-block-image\"><img loading=\"lazy\" decoding=\"async\" width=\"1024\" height=\"738\" src=\"https:\/\/www.gesamtkunstwerk4.de\/prinzenraub\/wp-content\/uploads\/2023\/08\/2023-Flyer-Postkarte-Termine-2024-1024x738.jpg\" alt=\"\" class=\"wp-image-4848\" srcset=\"https:\/\/www.gesamtkunstwerk4.de\/prinzenraub\/wp-content\/uploads\/2023\/08\/2023-Flyer-Postkarte-Termine-2024-1024x738.jpg 1024w, https:\/\/www.gesamtkunstwerk4.de\/prinzenraub\/wp-content\/uploads\/2023\/08\/2023-Flyer-Postkarte-Termine-2024-300x216.jpg 300w, https:\/\/www.gesamtkunstwerk4.de\/prinzenraub\/wp-content\/uploads\/2023\/08\/2023-Flyer-Postkarte-Termine-2024-768x554.jpg 768w, https:\/\/www.gesamtkunstwerk4.de\/prinzenraub\/wp-content\/uploads\/2023\/08\/2023-Flyer-Postkarte-Termine-2024-1536x1107.jpg 1536w, https:\/\/www.gesamtkunstwerk4.de\/prinzenraub\/wp-content\/uploads\/2023\/08\/2023-Flyer-Postkarte-Termine-2024.jpg 1820w\" sizes=\"auto, (max-width: 1024px) 100vw, 1024px\" \/><\/figure>\n\n\n\n<p><\/p>\n","protected":false},"excerpt":{"rendered":"<p>\u2014 Eine Prinzenraubgeschichte \u2014 von Christian Weber Der Tod ist einsam und macht sich auf, einen Begleiter f\u00fcr sich zu suchen. Daf\u00fcr wandelt er sein Erscheinungsbild in das, wie ihn einst die alten R\u00f6mer gesehen haben, als Schicksalsg\u00f6ttin Morta. Mit sch\u00f6nem, jugendlichen Aussehen besucht der Tod, der fortan nur noch Morta genannt wirdKunz von Kauffungen, [&hellip;]<\/p>\n","protected":false},"author":2,"featured_media":0,"comment_status":"closed","ping_status":"closed","sticky":false,"template":"","format":"standard","meta":{"ocean_post_layout":"","ocean_both_sidebars_style":"","ocean_both_sidebars_content_width":0,"ocean_both_sidebars_sidebars_width":0,"ocean_sidebar":"0","ocean_second_sidebar":"0","ocean_disable_margins":"enable","ocean_add_body_class":"","ocean_shortcode_before_top_bar":"","ocean_shortcode_after_top_bar":"","ocean_shortcode_before_header":"","ocean_shortcode_after_header":"","ocean_has_shortcode":"","ocean_shortcode_after_title":"","ocean_shortcode_before_footer_widgets":"","ocean_shortcode_after_footer_widgets":"","ocean_shortcode_before_footer_bottom":"","ocean_shortcode_after_footer_bottom":"","ocean_display_top_bar":"default","ocean_display_header":"default","ocean_header_style":"","ocean_center_header_left_menu":"0","ocean_custom_header_template":"0","ocean_custom_logo":0,"ocean_custom_retina_logo":0,"ocean_custom_logo_max_width":0,"ocean_custom_logo_tablet_max_width":0,"ocean_custom_logo_mobile_max_width":0,"ocean_custom_logo_max_height":0,"ocean_custom_logo_tablet_max_height":0,"ocean_custom_logo_mobile_max_height":0,"ocean_header_custom_menu":"0","ocean_menu_typo_font_family":"0","ocean_menu_typo_font_subset":"","ocean_menu_typo_font_size":0,"ocean_menu_typo_font_size_tablet":0,"ocean_menu_typo_font_size_mobile":0,"ocean_menu_typo_font_size_unit":"px","ocean_menu_typo_font_weight":"","ocean_menu_typo_font_weight_tablet":"","ocean_menu_typo_font_weight_mobile":"","ocean_menu_typo_transform":"","ocean_menu_typo_transform_tablet":"","ocean_menu_typo_transform_mobile":"","ocean_menu_typo_line_height":0,"ocean_menu_typo_line_height_tablet":0,"ocean_menu_typo_line_height_mobile":0,"ocean_menu_typo_line_height_unit":"","ocean_menu_typo_spacing":0,"ocean_menu_typo_spacing_tablet":0,"ocean_menu_typo_spacing_mobile":0,"ocean_menu_typo_spacing_unit":"","ocean_menu_link_color":"","ocean_menu_link_color_hover":"","ocean_menu_link_color_active":"","ocean_menu_link_background":"","ocean_menu_link_hover_background":"","ocean_menu_link_active_background":"","ocean_menu_social_links_bg":"","ocean_menu_social_hover_links_bg":"","ocean_menu_social_links_color":"","ocean_menu_social_hover_links_color":"","ocean_disable_title":"default","ocean_disable_heading":"default","ocean_post_title":"","ocean_post_subheading":"","ocean_post_title_style":"","ocean_post_title_background_color":"","ocean_post_title_background":0,"ocean_post_title_bg_image_position":"","ocean_post_title_bg_image_attachment":"","ocean_post_title_bg_image_repeat":"","ocean_post_title_bg_image_size":"","ocean_post_title_height":0,"ocean_post_title_bg_overlay":0.5,"ocean_post_title_bg_overlay_color":"","ocean_disable_breadcrumbs":"default","ocean_breadcrumbs_color":"","ocean_breadcrumbs_separator_color":"","ocean_breadcrumbs_links_color":"","ocean_breadcrumbs_links_hover_color":"","ocean_display_footer_widgets":"default","ocean_display_footer_bottom":"default","ocean_custom_footer_template":"0","ocean_post_oembed":"","ocean_post_self_hosted_media":"","ocean_post_video_embed":"","ocean_link_format":"","ocean_link_format_target":"self","ocean_quote_format":"","ocean_quote_format_link":"post","ocean_gallery_link_images":"off","ocean_gallery_id":[],"footnotes":""},"categories":[44],"tags":[],"class_list":["post-2887","post","type-post","status-publish","format-standard","hentry","category-chronik-2024-kunz-morta-o-fortuna","entry"],"_links":{"self":[{"href":"https:\/\/www.gesamtkunstwerk4.de\/prinzenraub\/wp-json\/wp\/v2\/posts\/2887","targetHints":{"allow":["GET"]}}],"collection":[{"href":"https:\/\/www.gesamtkunstwerk4.de\/prinzenraub\/wp-json\/wp\/v2\/posts"}],"about":[{"href":"https:\/\/www.gesamtkunstwerk4.de\/prinzenraub\/wp-json\/wp\/v2\/types\/post"}],"author":[{"embeddable":true,"href":"https:\/\/www.gesamtkunstwerk4.de\/prinzenraub\/wp-json\/wp\/v2\/users\/2"}],"replies":[{"embeddable":true,"href":"https:\/\/www.gesamtkunstwerk4.de\/prinzenraub\/wp-json\/wp\/v2\/comments?post=2887"}],"version-history":[{"count":72,"href":"https:\/\/www.gesamtkunstwerk4.de\/prinzenraub\/wp-json\/wp\/v2\/posts\/2887\/revisions"}],"predecessor-version":[{"id":5545,"href":"https:\/\/www.gesamtkunstwerk4.de\/prinzenraub\/wp-json\/wp\/v2\/posts\/2887\/revisions\/5545"}],"wp:attachment":[{"href":"https:\/\/www.gesamtkunstwerk4.de\/prinzenraub\/wp-json\/wp\/v2\/media?parent=2887"}],"wp:term":[{"taxonomy":"category","embeddable":true,"href":"https:\/\/www.gesamtkunstwerk4.de\/prinzenraub\/wp-json\/wp\/v2\/categories?post=2887"},{"taxonomy":"post_tag","embeddable":true,"href":"https:\/\/www.gesamtkunstwerk4.de\/prinzenraub\/wp-json\/wp\/v2\/tags?post=2887"}],"curies":[{"name":"wp","href":"https:\/\/api.w.org\/{rel}","templated":true}]}}